{"id":2861,"date":"2025-01-01T09:00:00","date_gmt":"2025-01-01T09:00:00","guid":{"rendered":"https:\/\/tomsche.eu\/?p=2861"},"modified":"2024-12-31T10:00:33","modified_gmt":"2024-12-31T10:00:33","slug":"aller-guten-dinge-sind-drei-die-sendung-mit-dem-elefanten-wdr-kika-geburtstag-im-kindergarten","status":"publish","type":"post","link":"https:\/\/tomsche.eu\/index.php\/2025\/01\/01\/aller-guten-dinge-sind-drei-die-sendung-mit-dem-elefanten-wdr-kika-geburtstag-im-kindergarten\/","title":{"rendered":"Aller guten Dinge sind drei: Die Sendung mit dem Elefanten (WDR \/ KiKa): Geburtstag im Kindergarten"},"content":{"rendered":"\n<p>Der Elefant wird f\u00fcnfzig und Gereon wird f\u00fcnf. Das muss gefeiert werden! Die ganze Kindergartengruppe macht mit und singt ihm ein St\u00e4ndchen. Auf Deutsch, auf Englisch, auf T\u00fcrkisch, auf Spanisch, auf Russisch &#8211; und auf Geb\u00e4rdensprache! Dann lassen sie alle zusammen Gereon noch hochleben. Mitsamt seinem Stuhl! Was f\u00fcr ein sch\u00f6ner Geburtstag im Kindergarten! Am 05.01. in der &#8222;Geburtstagssendung mit dem Elefanten&#8220; auf der Elefantenseite und im Netz. Markus Tomsche w\u00fcnscht viel Spa\u00df beim Gucken, und vor allem: alles Gute zum Geburtstag!<\/p>\n\n\n\n<figure class=\"wp-block-gallery has-nested-images columns-default is-cropped wp-block-gallery-1 is-layout-flex wp-block-gallery-is-layout-flex\">\n<figure class=\"wp-block-image size-large\"><img loading=\"lazy\" decoding=\"async\" width=\"956\" height=\"1024\" data-id=\"2847\" src=\"https:\/\/tomsche.eu\/wp-content\/uploads\/2024\/12\/Bildschirmfoto-2024-12-26-um-21.33.27-956x1024.png\" alt=\"\" class=\"wp-image-2847\" srcset=\"https:\/\/tomsche.eu\/wp-content\/uploads\/2024\/12\/Bildschirmfoto-2024-12-26-um-21.33.27-956x1024.png 956w, https:\/\/tomsche.eu\/wp-content\/uploads\/2024\/12\/Bildschirmfoto-2024-12-26-um-21.33.27-280x300.png 280w, https:\/\/tomsche.eu\/wp-content\/uploads\/2024\/12\/Bildschirmfoto-2024-12-26-um-21.33.27-768x822.png 768w, https:\/\/tomsche.eu\/wp-content\/uploads\/2024\/12\/Bildschirmfoto-2024-12-26-um-21.33.27-1435x1536.png 1435w, https:\/\/tomsche.eu\/wp-content\/uploads\/2024\/12\/Bildschirmfoto-2024-12-26-um-21.33.27.png 1502w\" sizes=\"auto, (max-width: 956px) 100vw, 956px\" \/><\/figure>\n\n\n\n<figure class=\"wp-block-image size-large\"><img loading=\"lazy\" decoding=\"async\" width=\"1024\" height=\"497\" data-id=\"2844\" src=\"https:\/\/tomsche.eu\/wp-content\/uploads\/2024\/12\/Bildschirmfoto-2024-12-26-um-21.31.03-1024x497.png\" alt=\"\" class=\"wp-image-2844\" srcset=\"https:\/\/tomsche.eu\/wp-content\/uploads\/2024\/12\/Bildschirmfoto-2024-12-26-um-21.31.03-1024x497.png 1024w, https:\/\/tomsche.eu\/wp-content\/uploads\/2024\/12\/Bildschirmfoto-2024-12-26-um-21.31.03-300x146.png 300w, https:\/\/tomsche.eu\/wp-content\/uploads\/2024\/12\/Bildschirmfoto-2024-12-26-um-21.31.03-768x373.png 768w, https:\/\/tomsche.eu\/wp-content\/uploads\/2024\/12\/Bildschirmfoto-2024-12-26-um-21.31.03-1536x745.png 1536w, https:\/\/tomsche.eu\/wp-content\/uploads\/2024\/12\/Bildschirmfoto-2024-12-26-um-21.31.03-2048x994.png 2048w\" sizes=\"auto, (max-width: 1024px) 100vw, 1024px\" \/><\/figure>\n<\/figure>\n","protected":false},"excerpt":{"rendered":"<p>Der Elefant wird f\u00fcnfzig und Gereon wird f\u00fcnf. Das muss gefeiert werden! Die ganze Kindergartengruppe macht mit und singt ihm ein St\u00e4ndchen. Auf Deutsch, auf Englisch, auf T\u00fcrkisch, auf Spanisch, auf Russisch &#8211; und auf Geb\u00e4rdensprache! Dann lassen sie alle zusammen Gereon noch hochleben. Mitsamt seinem Stuhl! Was f\u00fcr ein sch\u00f6ner Geburtstag im Kindergarten! Am &hellip; <a href=\"https:\/\/tomsche.eu\/index.php\/2025\/01\/01\/aller-guten-dinge-sind-drei-die-sendung-mit-dem-elefanten-wdr-kika-geburtstag-im-kindergarten\/\" class=\"more-link\"><span class=\"screen-reader-text\">Aller guten Dinge sind drei: Die Sendung mit dem Elefanten (WDR \/ KiKa): Geburtstag im Kindergarten<\/span> weiterlesen <span class=\"meta-nav\">&rarr;<\/span><\/a><\/p>\n","protected":false},"author":2,"featured_media":2846,"comment_status":"closed","ping_status":"open","sticky":false,"template":"","format":"standard","meta":{"spay_email":"","footnotes":""},"categories":[1],"tags":[],"class_list":["post-2861","post","type-post","status-publish","format-standard","has-post-thumbnail","hentry","category-uncategorized"],"yoast_head":"<!-- This site is optimized with the Yoast SEO plugin v16.7 - https:\/\/yoast.com\/wordpress\/plugins\/seo\/ -->\n<title>Aller guten Dinge sind drei: Die Sendung mit dem Elefanten (WDR \/ KiKa): Geburtstag im Kindergarten - Markus Tomsche. Bewegtbildwelten.<\/title>\n<meta name=\"robots\" content=\"index, follow, max-snippet:-1, max-image-preview:large, max-video-preview:-1\" \/>\n<link rel=\"canonical\" href=\"https:\/\/tomsche.eu\/index.php\/2025\/01\/01\/aller-guten-dinge-sind-drei-die-sendung-mit-dem-elefanten-wdr-kika-geburtstag-im-kindergarten\/\" \/>\n<meta property=\"og:locale\" content=\"de_DE\" \/>\n<meta property=\"og:type\" content=\"article\" \/>\n<meta property=\"og:title\" content=\"Aller guten Dinge sind drei: Die Sendung mit dem Elefanten (WDR \/ KiKa): Geburtstag im Kindergarten - Markus Tomsche. Bewegtbildwelten.\" \/>\n<meta property=\"og:description\" content=\"Der Elefant wird f\u00fcnfzig und Gereon wird f\u00fcnf. Das muss gefeiert werden! Die ganze Kindergartengruppe macht mit und singt ihm ein St\u00e4ndchen. Auf Deutsch, auf Englisch, auf T\u00fcrkisch, auf Spanisch, auf Russisch &#8211; und auf Geb\u00e4rdensprache! Dann lassen sie alle zusammen Gereon noch hochleben. Mitsamt seinem Stuhl! Was f\u00fcr ein sch\u00f6ner Geburtstag im Kindergarten! Am &hellip; Aller guten Dinge sind drei: Die Sendung mit dem Elefanten (WDR \/ KiKa): Geburtstag im Kindergarten weiterlesen &rarr;\" \/>\n<meta property=\"og:url\" content=\"https:\/\/tomsche.eu\/index.php\/2025\/01\/01\/aller-guten-dinge-sind-drei-die-sendung-mit-dem-elefanten-wdr-kika-geburtstag-im-kindergarten\/\" \/>\n<meta property=\"og:site_name\" content=\"Markus Tomsche. Bewegtbildwelten.\" \/>\n<meta property=\"article:published_time\" content=\"2025-01-01T09:00:00+00:00\" \/>\n<meta property=\"article:modified_time\" content=\"2024-12-31T10:00:33+00:00\" \/>\n<meta property=\"og:image\" content=\"https:\/\/tomsche.eu\/wp-content\/uploads\/2024\/12\/Bildschirmfoto-2024-12-26-um-21.32.23-1024x611.png\" \/>\n\t<meta property=\"og:image:width\" content=\"1024\" \/>\n\t<meta property=\"og:image:height\" content=\"611\" \/>\n<meta name=\"twitter:card\" content=\"summary_large_image\" \/>\n<meta name=\"twitter:label1\" content=\"Verfasst von\" \/>\n\t<meta name=\"twitter:data1\" content=\"Markus Tomsche\" \/>\n<script type=\"application\/ld+json\" class=\"yoast-schema-graph\">{\"@context\":\"https:\/\/schema.org\",\"@graph\":[{\"@type\":\"WebSite\",\"@id\":\"https:\/\/tomsche.eu\/#website\",\"url\":\"https:\/\/tomsche.eu\/\",\"name\":\"Markus Tomsche. Bewegtbildwelten.\",\"description\":\"\",\"potentialAction\":[{\"@type\":\"SearchAction\",\"target\":{\"@type\":\"EntryPoint\",\"urlTemplate\":\"https:\/\/tomsche.eu\/?s={search_term_string}\"},\"query-input\":\"required name=search_term_string\"}],\"inLanguage\":\"de\"},{\"@type\":\"ImageObject\",\"@id\":\"https:\/\/tomsche.eu\/index.php\/2025\/01\/01\/aller-guten-dinge-sind-drei-die-sendung-mit-dem-elefanten-wdr-kika-geburtstag-im-kindergarten\/#primaryimage\",\"inLanguage\":\"de\",\"url\":\"https:\/\/tomsche.eu\/wp-content\/uploads\/2024\/12\/Bildschirmfoto-2024-12-26-um-21.32.23.png\",\"contentUrl\":\"https:\/\/tomsche.eu\/wp-content\/uploads\/2024\/12\/Bildschirmfoto-2024-12-26-um-21.32.23.png\",\"width\":2652,\"height\":1582},{\"@type\":\"WebPage\",\"@id\":\"https:\/\/tomsche.eu\/index.php\/2025\/01\/01\/aller-guten-dinge-sind-drei-die-sendung-mit-dem-elefanten-wdr-kika-geburtstag-im-kindergarten\/#webpage\",\"url\":\"https:\/\/tomsche.eu\/index.php\/2025\/01\/01\/aller-guten-dinge-sind-drei-die-sendung-mit-dem-elefanten-wdr-kika-geburtstag-im-kindergarten\/\",\"name\":\"Aller guten Dinge sind drei: Die Sendung mit dem Elefanten (WDR \/ KiKa): Geburtstag im Kindergarten - Markus Tomsche. Bewegtbildwelten.\",\"isPartOf\":{\"@id\":\"https:\/\/tomsche.eu\/#website\"},\"primaryImageOfPage\":{\"@id\":\"https:\/\/tomsche.eu\/index.php\/2025\/01\/01\/aller-guten-dinge-sind-drei-die-sendung-mit-dem-elefanten-wdr-kika-geburtstag-im-kindergarten\/#primaryimage\"},\"datePublished\":\"2025-01-01T09:00:00+00:00\",\"dateModified\":\"2024-12-31T10:00:33+00:00\",\"author\":{\"@id\":\"https:\/\/tomsche.eu\/#\/schema\/person\/3d3b738caadf1f36bbb087ddbd63afaa\"},\"breadcrumb\":{\"@id\":\"https:\/\/tomsche.eu\/index.php\/2025\/01\/01\/aller-guten-dinge-sind-drei-die-sendung-mit-dem-elefanten-wdr-kika-geburtstag-im-kindergarten\/#breadcrumb\"},\"inLanguage\":\"de\",\"potentialAction\":[{\"@type\":\"ReadAction\",\"target\":[\"https:\/\/tomsche.eu\/index.php\/2025\/01\/01\/aller-guten-dinge-sind-drei-die-sendung-mit-dem-elefanten-wdr-kika-geburtstag-im-kindergarten\/\"]}]},{\"@type\":\"BreadcrumbList\",\"@id\":\"https:\/\/tomsche.eu\/index.php\/2025\/01\/01\/aller-guten-dinge-sind-drei-die-sendung-mit-dem-elefanten-wdr-kika-geburtstag-im-kindergarten\/#breadcrumb\",\"itemListElement\":[{\"@type\":\"ListItem\",\"position\":1,\"name\":\"Startseite\",\"item\":\"https:\/\/tomsche.eu\/\"},{\"@type\":\"ListItem\",\"position\":2,\"name\":\"Aller guten Dinge sind drei: Die Sendung mit dem Elefanten (WDR \/ KiKa): Geburtstag im Kindergarten\"}]},{\"@type\":\"Person\",\"@id\":\"https:\/\/tomsche.eu\/#\/schema\/person\/3d3b738caadf1f36bbb087ddbd63afaa\",\"name\":\"Markus Tomsche\",\"image\":{\"@type\":\"ImageObject\",\"@id\":\"https:\/\/tomsche.eu\/#personlogo\",\"inLanguage\":\"de\",\"url\":\"https:\/\/secure.gravatar.com\/avatar\/a74300412a855eae74077f9c367a7362ace7b09f5a55fe0077425c88805602bf?s=96&d=mm&r=g\",\"contentUrl\":\"https:\/\/secure.gravatar.com\/avatar\/a74300412a855eae74077f9c367a7362ace7b09f5a55fe0077425c88805602bf?s=96&d=mm&r=g\",\"caption\":\"Markus Tomsche\"},\"url\":\"https:\/\/tomsche.eu\/index.php\/author\/tomschema\/\"}]}<\/script>\n<!-- \/ Yoast SEO plugin. -->","yoast_head_json":{"title":"Aller guten Dinge sind drei: Die Sendung mit dem Elefanten (WDR \/ KiKa): Geburtstag im Kindergarten - Markus Tomsche. Bewegtbildwelten.","robots":{"index":"index","follow":"follow","max-snippet":"max-snippet:-1","max-image-preview":"max-image-preview:large","max-video-preview":"max-video-preview:-1"},"canonical":"https:\/\/tomsche.eu\/index.php\/2025\/01\/01\/aller-guten-dinge-sind-drei-die-sendung-mit-dem-elefanten-wdr-kika-geburtstag-im-kindergarten\/","og_locale":"de_DE","og_type":"article","og_title":"Aller guten Dinge sind drei: Die Sendung mit dem Elefanten (WDR \/ KiKa): Geburtstag im Kindergarten - Markus Tomsche. Bewegtbildwelten.","og_description":"Der Elefant wird f\u00fcnfzig und Gereon wird f\u00fcnf. Das muss gefeiert werden! Die ganze Kindergartengruppe macht mit und singt ihm ein St\u00e4ndchen. Auf Deutsch, auf Englisch, auf T\u00fcrkisch, auf Spanisch, auf Russisch &#8211; und auf Geb\u00e4rdensprache! Dann lassen sie alle zusammen Gereon noch hochleben. Mitsamt seinem Stuhl! Was f\u00fcr ein sch\u00f6ner Geburtstag im Kindergarten! Am &hellip; Aller guten Dinge sind drei: Die Sendung mit dem Elefanten (WDR \/ KiKa): Geburtstag im Kindergarten weiterlesen &rarr;","og_url":"https:\/\/tomsche.eu\/index.php\/2025\/01\/01\/aller-guten-dinge-sind-drei-die-sendung-mit-dem-elefanten-wdr-kika-geburtstag-im-kindergarten\/","og_site_name":"Markus Tomsche. Bewegtbildwelten.","article_published_time":"2025-01-01T09:00:00+00:00","article_modified_time":"2024-12-31T10:00:33+00:00","og_image":[{"width":1024,"height":611,"filesize":808566,"path":"2024\/12\/Bildschirmfoto-2024-12-26-um-21.32.23-1024x611.png","url":"https:\/\/tomsche.eu\/wp-content\/uploads\/2024\/12\/Bildschirmfoto-2024-12-26-um-21.32.23-1024x611.png","size":"large","id":2846,"alt":"","pixels":625664,"type":"image\/png"}],"twitter_card":"summary_large_image","twitter_misc":{"Verfasst von":"Markus Tomsche"},"schema":{"@context":"https:\/\/schema.org","@graph":[{"@type":"WebSite","@id":"https:\/\/tomsche.eu\/#website","url":"https:\/\/tomsche.eu\/","name":"Markus Tomsche. Bewegtbildwelten.","description":"","potentialAction":[{"@type":"SearchAction","target":{"@type":"EntryPoint","urlTemplate":"https:\/\/tomsche.eu\/?s={search_term_string}"},"query-input":"required name=search_term_string"}],"inLanguage":"de"},{"@type":"ImageObject","@id":"https:\/\/tomsche.eu\/index.php\/2025\/01\/01\/aller-guten-dinge-sind-drei-die-sendung-mit-dem-elefanten-wdr-kika-geburtstag-im-kindergarten\/#primaryimage","inLanguage":"de","url":"https:\/\/tomsche.eu\/wp-content\/uploads\/2024\/12\/Bildschirmfoto-2024-12-26-um-21.32.23.png","contentUrl":"https:\/\/tomsche.eu\/wp-content\/uploads\/2024\/12\/Bildschirmfoto-2024-12-26-um-21.32.23.png","width":2652,"height":1582},{"@type":"WebPage","@id":"https:\/\/tomsche.eu\/index.php\/2025\/01\/01\/aller-guten-dinge-sind-drei-die-sendung-mit-dem-elefanten-wdr-kika-geburtstag-im-kindergarten\/#webpage","url":"https:\/\/tomsche.eu\/index.php\/2025\/01\/01\/aller-guten-dinge-sind-drei-die-sendung-mit-dem-elefanten-wdr-kika-geburtstag-im-kindergarten\/","name":"Aller guten Dinge sind drei: Die Sendung mit dem Elefanten (WDR \/ KiKa): Geburtstag im Kindergarten - Markus Tomsche. Bewegtbildwelten.","isPartOf":{"@id":"https:\/\/tomsche.eu\/#website"},"primaryImageOfPage":{"@id":"https:\/\/tomsche.eu\/index.php\/2025\/01\/01\/aller-guten-dinge-sind-drei-die-sendung-mit-dem-elefanten-wdr-kika-geburtstag-im-kindergarten\/#primaryimage"},"datePublished":"2025-01-01T09:00:00+00:00","dateModified":"2024-12-31T10:00:33+00:00","author":{"@id":"https:\/\/tomsche.eu\/#\/schema\/person\/3d3b738caadf1f36bbb087ddbd63afaa"},"breadcrumb":{"@id":"https:\/\/tomsche.eu\/index.php\/2025\/01\/01\/aller-guten-dinge-sind-drei-die-sendung-mit-dem-elefanten-wdr-kika-geburtstag-im-kindergarten\/#breadcrumb"},"inLanguage":"de","potentialAction":[{"@type":"ReadAction","target":["https:\/\/tomsche.eu\/index.php\/2025\/01\/01\/aller-guten-dinge-sind-drei-die-sendung-mit-dem-elefanten-wdr-kika-geburtstag-im-kindergarten\/"]}]},{"@type":"BreadcrumbList","@id":"https:\/\/tomsche.eu\/index.php\/2025\/01\/01\/aller-guten-dinge-sind-drei-die-sendung-mit-dem-elefanten-wdr-kika-geburtstag-im-kindergarten\/#breadcrumb","itemListElement":[{"@type":"ListItem","position":1,"name":"Startseite","item":"https:\/\/tomsche.eu\/"},{"@type":"ListItem","position":2,"name":"Aller guten Dinge sind drei: Die Sendung mit dem Elefanten (WDR \/ KiKa): Geburtstag im Kindergarten"}]},{"@type":"Person","@id":"https:\/\/tomsche.eu\/#\/schema\/person\/3d3b738caadf1f36bbb087ddbd63afaa","name":"Markus Tomsche","image":{"@type":"ImageObject","@id":"https:\/\/tomsche.eu\/#personlogo","inLanguage":"de","url":"https:\/\/secure.gravatar.com\/avatar\/a74300412a855eae74077f9c367a7362ace7b09f5a55fe0077425c88805602bf?s=96&d=mm&r=g","contentUrl":"https:\/\/secure.gravatar.com\/avatar\/a74300412a855eae74077f9c367a7362ace7b09f5a55fe0077425c88805602bf?s=96&d=mm&r=g","caption":"Markus Tomsche"},"url":"https:\/\/tomsche.eu\/index.php\/author\/tomschema\/"}]}},"jetpack_featured_media_url":"https:\/\/tomsche.eu\/wp-content\/uploads\/2024\/12\/Bildschirmfoto-2024-12-26-um-21.32.23.png","_links":{"self":[{"href":"https:\/\/tomsche.eu\/index.php\/wp-json\/wp\/v2\/posts\/2861","targetHints":{"allow":["GET"]}}],"collection":[{"href":"https:\/\/tomsche.eu\/index.php\/wp-json\/wp\/v2\/posts"}],"about":[{"href":"https:\/\/tomsche.eu\/index.php\/wp-json\/wp\/v2\/types\/post"}],"author":[{"embeddable":true,"href":"https:\/\/tomsche.eu\/index.php\/wp-json\/wp\/v2\/users\/2"}],"replies":[{"embeddable":true,"href":"https:\/\/tomsche.eu\/index.php\/wp-json\/wp\/v2\/comments?post=2861"}],"version-history":[{"count":1,"href":"https:\/\/tomsche.eu\/index.php\/wp-json\/wp\/v2\/posts\/2861\/revisions"}],"predecessor-version":[{"id":2862,"href":"https:\/\/tomsche.eu\/index.php\/wp-json\/wp\/v2\/posts\/2861\/revisions\/2862"}],"wp:featuredmedia":[{"embeddable":true,"href":"https:\/\/tomsche.eu\/index.php\/wp-json\/wp\/v2\/media\/2846"}],"wp:attachment":[{"href":"https:\/\/tomsche.eu\/index.php\/wp-json\/wp\/v2\/media?parent=2861"}],"wp:term":[{"taxonomy":"category","embeddable":true,"href":"https:\/\/tomsche.eu\/index.php\/wp-json\/wp\/v2\/categories?post=2861"},{"taxonomy":"post_tag","embeddable":true,"href":"https:\/\/tomsche.eu\/index.php\/wp-json\/wp\/v2\/tags?post=2861"}],"curies":[{"name":"wp","href":"https:\/\/api.w.org\/{rel}","templated":true}]}}